{"id":9889,"date":"2019-08-11T09:05:17","date_gmt":"2019-08-11T07:05:17","guid":{"rendered":"http:\/\/cracherdanslasoupe.noblogs.org\/?p=9889"},"modified":"2019-08-27T11:56:14","modified_gmt":"2019-08-27T09:56:14","slug":"g8-arrestation-de-vincenzo-en-bretagne-apres-des-annees-cavale","status":"publish","type":"post","link":"https:\/\/cracherdanslasoupe.noblogs.org\/?p=9889","title":{"rendered":"G8 :  Arrestation de Vincenzo en Bretagne apr\u00e8s des ann\u00e9es de cavale (MAJ)"},"content":{"rendered":"<p style=\"text-align: justify\"><img loading=\"lazy\" decoding=\"async\" class=\"wp-image-3627 alignright\" title=\"fuoco-alle-carceri-r\" src=\"https:\/\/baruda.files.wordpress.com\/2009\/10\/fuoco-alle-carceri-r.jpg?w=595\" alt=\"Foto di http:\/\/www.nikonclubitalia.com\/foto\/showphoto.php\/photo\/13599\" width=\"167\" height=\"247\" aria-describedby=\"caption-attachment-3627\" data-attachment-id=\"3627\" data-permalink=\"https:\/\/baruda.net\/2009\/10\/09\/sentenza-dappello-su-genova-esplosione-di-rabbia\/fuoco-alle-carceri-r\/\" data-orig-file=\"https:\/\/baruda.files.wordpress.com\/2009\/10\/fuoco-alle-carceri-r.jpg\" data-orig-size=\"405,599\" data-comments-opened=\"1\" data-image-meta=\"{&quot;aperture&quot;:&quot;0&quot;,&quot;credit&quot;:&quot;&quot;,&quot;camera&quot;:&quot;&quot;,&quot;caption&quot;:&quot;&quot;,&quot;created_timestamp&quot;:&quot;0&quot;,&quot;copyright&quot;:&quot;&quot;,&quot;focal_length&quot;:&quot;0&quot;,&quot;iso&quot;:&quot;0&quot;,&quot;shutter_speed&quot;:&quot;0&quot;,&quot;title&quot;:&quot;&quot;}\" data-image-title=\"fuoco-alle-carceri-r\" data-image-description=\"\" data-medium-file=\"https:\/\/baruda.files.wordpress.com\/2009\/10\/fuoco-alle-carceri-r.jpg?w=203\" data-large-file=\"https:\/\/baruda.files.wordpress.com\/2009\/10\/fuoco-alle-carceri-r.jpg?w=405\" \/><\/p>\n<p class=\"article-standfirst read-left-padding\" style=\"text-align: justify\"><span style=\"color: #993366\"><strong>MAJ. <\/strong>Le 23\/08 la cour d&rsquo;appel de Rennes a ordonn\u00e9 un suppl\u00e9ment d&rsquo;informations afin de v\u00e9rifier la \u00ab\u00a0r\u00e9gularit\u00e9\u00a0\u00bb des mandats d&rsquo;arr\u00eat europ\u00e9ens. Une nouvelle audience aura lieu le 26 septembre.<\/span><\/p>\n<p style=\"text-align: justify\">Vincenzo, condamn\u00e9 \u00e0 13 ans et 3 mois de prison pour \u00ab\u00a0d\u00e9vastation et pillage\u00a0\u00bb apr\u00e8s le G8 de G\u00eanes en 2001, a \u00e9t\u00e9 arr\u00eat\u00e9 jeudi dans le Morbihan. Il avait \u00e9t\u00e9 condamn\u00e9 \u00e0 10 ans et 6 mois en premi\u00e8re instance, la cour d&rsquo;appel avait alourdi la peine \u00e0 13 ans et 3 mois en 2009, la peine a \u00e9t\u00e9 confirm\u00e9 par la cour de cassation en 2012. Deux mandant d&rsquo;arr\u00eats europ\u00e9ens avaient \u00e9t\u00e9 d\u00e9livr\u00e9s contre lui par les procs de Milan (pour une manifestation \u00ab\u00a0non-autoris\u00e9e\u00a0\u00bb en 2006 contre la tenue d&rsquo;une manifestation du\u00a0parti n\u00e9ofasciste <em>Fiamma Tricolore,\u00a0<\/em>pour laquelle il avait \u00e9t\u00e9 condamn\u00e9 \u00e0 4 ans de prison) et de G\u00eanes.<\/p>\n<p style=\"text-align: right\">Reformul\u00e9 depuis leur presse.<\/p>\n<hr \/>\n<p style=\"text-align: justify\">Suite \u00e0 l&rsquo;arrestation de l&rsquo;anarchiste Vincenzo Vecchi, qui a eu lieu en France le 8\/08\/2019 gr\u00e2ce au travail conjoint de la police italienne et fran\u00e7aise, ce matin (14 ao\u00fbt) \u00e0 11h00, \u00e0 la cour d&rsquo;appel de Rennes, a eu lieu l&rsquo;audience concernant l&rsquo;extradition en Italie. D&rsquo;apr\u00e8s le peu d&rsquo;informations qu&rsquo;il a \u00e9t\u00e9 possible d&rsquo;avoir jusqu&rsquo;\u00e0 pr\u00e9sent, les juges n&rsquo;ont rien d\u00e9cid\u00e9 au cours de l&rsquo;audience concernant l&rsquo;extradition, car il leur manquerait \u00ab\u00a0plusieurs \u00e9l\u00e9ments\u00a0\u00bb n\u00e9cessaires. Une nouvelle audience est pr\u00e9vue pour le 23 ao\u00fbt. Il devrait donc vraisemblablement rester d\u00e9tenu \u00e0 la prison de Rennes pendant cette p\u00e9riode.<\/p>\n<p style=\"text-align: justify\">[\u2026] Le greffe de la taule n\u2019a pas fourni le num\u00e9ro d\u2019\u00e9crou aux compagnons qui ont appel\u00e9, pr\u00e9textant qu\u2019il suffirait d\u2019indiquer son nom et pr\u00e9nom pour que le courrier lui soit livr\u00e9. On peut toujours essayer. Voici donc son adresse :<\/p>\n<p><strong><em>Vincenzo Vecchi<\/em><\/strong><br \/>\nCentre p\u00e9nitentiaire de Rennes-Vezin<br \/>\nRue du Petit Pr\u00e9<br \/>\n35132 Vezin-le-Coquet<br \/>\nFrance (Francia)<\/p>\n<p style=\"text-align: justify\">Vincenzo \u00e9tait en cavale et recherch\u00e9 depuis 2012, apr\u00e8s la condamnation d\u00e9finitive de 11 ans et 6 mois de prison prononc\u00e9e contre lui pour les charges (plus pr\u00e9cisemment, le \u00a0d\u00e9lit de \u00ab\u00a0d\u00e9vastation et pillage\u00a0\u00bb) li\u00e9es aux jours de r\u00e9volte contre le sommet du G8 \u00e0 G\u00eanes en juillet 2001.<\/p>\n<p style=\"text-align: justify\">Ci-dessous se trouve une d\u00e9claration de Vincenzo lue au tribunal en 2007, lors du proc\u00e8s au cours duquel une vingtaine de personnes ont \u00e9t\u00e9 accus\u00e9es de la r\u00e9volte contre le G8 et de certains faits sp\u00e9cifiques survenus \u00e0 l&rsquo;\u00e9poque.<\/p>\n<p style=\"text-align: right\">Depuis anarhija.info<\/p>\n<p style=\"text-align: justify\"><strong><span style=\"color: #993366\">La d\u00e9claration finale lu \u00e0 son proc\u00e8s de d\u00e9cembre\u00a0<\/span><span style=\"color: #993366\">2007 \u00e0 G\u00eanes, est disponible en fran\u00e7ais dans le num\u00e9ro 95 du journal Cette Semaine (p. 35)<\/span> <\/strong><a href=\"https:\/\/cettesemaine.info\/cs95.pdf\">https:\/\/cettesemaine.info\/cs95.pdf<\/a><\/p>\n<p>&nbsp;<\/p>\n<p style=\"text-align: justify\">\n","protected":false},"excerpt":{"rendered":"<p>MAJ. Le 23\/08 la cour d&rsquo;appel de Rennes a ordonn\u00e9 un suppl\u00e9ment d&rsquo;informations afin de v\u00e9rifier la \u00ab\u00a0r\u00e9gularit\u00e9\u00a0\u00bb des mandats d&rsquo;arr\u00eat europ\u00e9ens. Une nouvelle audience aura lieu le 26 septembre. Vincenzo, condamn\u00e9 \u00e0 13 ans et 3 mois de prison pour \u00ab\u00a0d\u00e9vastation et pillage\u00a0\u00bb apr\u00e8s le G8 de G\u00eanes en 2001, a \u00e9t\u00e9 arr\u00eat\u00e9 jeudi &hellip; <\/p>\n<p class=\"link-more\"><a href=\"https:\/\/cracherdanslasoupe.noblogs.org\/?p=9889\" class=\"more-link\">Continuer la lecture<span class=\"screen-reader-text\"> de &laquo;&nbsp;G8 :  Arrestation de Vincenzo en Bretagne apr\u00e8s des ann\u00e9es de cavale (MAJ)&nbsp;&raquo;<\/span><\/a><\/p>\n","protected":false},"author":13009,"featured_media":0,"comment_status":"closed","ping_status":"open","sticky":false,"template":"","format":"standard","meta":{"footnotes":""},"categories":[1,27,19],"tags":[],"class_list":["post-9889","post","type-post","status-publish","format-standard","hentry","category-general","category-prison","category-repression"],"_links":{"self":[{"href":"https:\/\/cracherdanslasoupe.noblogs.org\/index.php?rest_route=\/wp\/v2\/posts\/9889","targetHints":{"allow":["GET"]}}],"collection":[{"href":"https:\/\/cracherdanslasoupe.noblogs.org\/index.php?rest_route=\/wp\/v2\/posts"}],"about":[{"href":"https:\/\/cracherdanslasoupe.noblogs.org\/index.php?rest_route=\/wp\/v2\/types\/post"}],"author":[{"embeddable":true,"href":"https:\/\/cracherdanslasoupe.noblogs.org\/index.php?rest_route=\/wp\/v2\/users\/13009"}],"replies":[{"embeddable":true,"href":"https:\/\/cracherdanslasoupe.noblogs.org\/index.php?rest_route=%2Fwp%2Fv2%2Fcomments&post=9889"}],"version-history":[{"count":30,"href":"https:\/\/cracherdanslasoupe.noblogs.org\/index.php?rest_route=\/wp\/v2\/posts\/9889\/revisions"}],"predecessor-version":[{"id":10352,"href":"https:\/\/cracherdanslasoupe.noblogs.org\/index.php?rest_route=\/wp\/v2\/posts\/9889\/revisions\/10352"}],"wp:attachment":[{"href":"https:\/\/cracherdanslasoupe.noblogs.org\/index.php?rest_route=%2Fwp%2Fv2%2Fmedia&parent=9889"}],"wp:term":[{"taxonomy":"category","embeddable":true,"href":"https:\/\/cracherdanslasoupe.noblogs.org\/index.php?rest_route=%2Fwp%2Fv2%2Fcategories&post=9889"},{"taxonomy":"post_tag","embeddable":true,"href":"https:\/\/cracherdanslasoupe.noblogs.org\/index.php?rest_route=%2Fwp%2Fv2%2Ftags&post=9889"}],"curies":[{"name":"wp","href":"https:\/\/api.w.org\/{rel}","templated":true}]}}