{"id":9387,"date":"2019-07-22T18:01:56","date_gmt":"2019-07-22T16:01:56","guid":{"rendered":"http:\/\/cracherdanslasoupe.noblogs.org\/?p=9387"},"modified":"2019-07-22T22:42:10","modified_gmt":"2019-07-22T20:42:10","slug":"proces-contre-des-anarchistes-en-belgique-letat-fait-appel","status":"publish","type":"post","link":"https:\/\/cracherdanslasoupe.noblogs.org\/?p=9387","title":{"rendered":"Proc\u00e8s contre des anarchistes en Belgique : l\u2019\u00c9tat fait appel"},"content":{"rendered":"<p style=\"text-align: justify\" align=\"left\">Suite \u00e0 l\u2019acquittement d\u00e9clar\u00e9 par la juge dans le cadre d\u2019un proc\u00e8s contre une douzaine d\u2019anarchistes inculp\u00e9s notamment d&rsquo;<a href=\"https:\/\/lalime.noblogs.org\/proces-contre-des-anarchistes-en-belgique\/\">\u201dassociation de malfaiteurs\u201d<\/a>, le procureur a d\u00e9cid\u00e9 de faire appel.<\/p>\n<p align=\"justify\">Voici ce qu\u2019un des inculp\u00e9s \u00e9crivait en avril 2019 dans une lettre que vous pouvez retrouver dans un <a href=\"https:\/\/lalime.noblogs.org\/files\/2019\/06\/bulletin-2.pdf\">bulletin <\/a>confectionn\u00e9 \u00e0 propos de ce proc\u00e8s :<\/p>\n<p align=\"justify\"><em>\u201cCet apog\u00e9e vient jeter une zone d\u2019ombre sur le fait que ce proc\u00e8s et son verdict ne seront probablement qu\u2019un nouvel \u00e9pisode dans cette saga o\u00f9 les rebondissements judiciaires se sont encha\u00een\u00e9s depuis la mise au jour de cette enqu\u00eate ainsi qu\u2019apr\u00e8s sa cl\u00f4ture.<\/em><br \/>\n<em>(\u2026) Ce proc\u00e8s n\u2019est donc rien d\u2019autre qu\u2019un \u00e9pisode plus spectaculaire que les autres dans cette s\u00e9rie-choc autour de la r\u00e9pression.\u201d<\/em><\/p>\n<p align=\"justify\">Il avait vu juste.<\/p>\n<p align=\"justify\">Il n\u2019y pas de date fix\u00e9e pour le moment. Mais \u00e7a risque bien de ne pas \u00eatre pour tout de suite, tout de suite.<\/p>\n<p align=\"justify\">En attendant des nouvelles, on vous quitte sur une jolie promesse \u00e9crite par un autre inculp\u00e9 et reprise dans ce m\u00eame bulletin:<\/p>\n<p align=\"justify\"><em>\u201cje ne peux r\u00e9pondre \u00e0 ma condamnation potentielle que par une promesse pleine de vie : je\u00a0 ne m\u2019inclinerai pas, ni aujourd\u2019hui ni demain, devant les lois des hommes. Et je continuerai, en coh\u00e9rence avec ma conscience et ma sensibilit\u00e9, \u00e0 frayer mon propre chemin\u00a0 de combat pour l\u2019anarchie\u201d<\/em><\/p>\n<p align=\"justify\">Solidarit\u00e9 par la lutte!<\/p>\n<p align=\"right\">Depuis lalime.noblogs.org<\/p>\n","protected":false},"excerpt":{"rendered":"<p>Suite \u00e0 l\u2019acquittement d\u00e9clar\u00e9 par la juge dans le cadre d\u2019un proc\u00e8s contre une douzaine d\u2019anarchistes inculp\u00e9s notamment d&rsquo;\u201dassociation de malfaiteurs\u201d, le procureur a d\u00e9cid\u00e9 de faire appel. Voici ce qu\u2019un des inculp\u00e9s \u00e9crivait en avril 2019 dans une lettre que vous pouvez retrouver dans un bulletin confectionn\u00e9 \u00e0 propos de ce proc\u00e8s : \u201cCet &hellip; <\/p>\n<p class=\"link-more\"><a href=\"https:\/\/cracherdanslasoupe.noblogs.org\/?p=9387\" class=\"more-link\">Continuer la lecture<span class=\"screen-reader-text\"> de &laquo;&nbsp;Proc\u00e8s contre des anarchistes en Belgique : l\u2019\u00c9tat fait appel&nbsp;&raquo;<\/span><\/a><\/p>\n","protected":false},"author":13009,"featured_media":0,"comment_status":"closed","ping_status":"open","sticky":false,"template":"","format":"standard","meta":{"footnotes":""},"categories":[1,19],"tags":[],"class_list":["post-9387","post","type-post","status-publish","format-standard","hentry","category-general","category-repression"],"_links":{"self":[{"href":"https:\/\/cracherdanslasoupe.noblogs.org\/index.php?rest_route=\/wp\/v2\/posts\/9387","targetHints":{"allow":["GET"]}}],"collection":[{"href":"https:\/\/cracherdanslasoupe.noblogs.org\/index.php?rest_route=\/wp\/v2\/posts"}],"about":[{"href":"https:\/\/cracherdanslasoupe.noblogs.org\/index.php?rest_route=\/wp\/v2\/types\/post"}],"author":[{"embeddable":true,"href":"https:\/\/cracherdanslasoupe.noblogs.org\/index.php?rest_route=\/wp\/v2\/users\/13009"}],"replies":[{"embeddable":true,"href":"https:\/\/cracherdanslasoupe.noblogs.org\/index.php?rest_route=%2Fwp%2Fv2%2Fcomments&post=9387"}],"version-history":[{"count":8,"href":"https:\/\/cracherdanslasoupe.noblogs.org\/index.php?rest_route=\/wp\/v2\/posts\/9387\/revisions"}],"predecessor-version":[{"id":9417,"href":"https:\/\/cracherdanslasoupe.noblogs.org\/index.php?rest_route=\/wp\/v2\/posts\/9387\/revisions\/9417"}],"wp:attachment":[{"href":"https:\/\/cracherdanslasoupe.noblogs.org\/index.php?rest_route=%2Fwp%2Fv2%2Fmedia&parent=9387"}],"wp:term":[{"taxonomy":"category","embeddable":true,"href":"https:\/\/cracherdanslasoupe.noblogs.org\/index.php?rest_route=%2Fwp%2Fv2%2Fcategories&post=9387"},{"taxonomy":"post_tag","embeddable":true,"href":"https:\/\/cracherdanslasoupe.noblogs.org\/index.php?rest_route=%2Fwp%2Fv2%2Ftags&post=9387"}],"curies":[{"name":"wp","href":"https:\/\/api.w.org\/{rel}","templated":true}]}}