{"id":8392,"date":"2019-06-12T12:59:27","date_gmt":"2019-06-12T10:59:27","guid":{"rendered":"http:\/\/cracherdanslasoupe.noblogs.org\/?p=8392"},"modified":"2019-07-02T22:43:24","modified_gmt":"2019-07-02T20:43:24","slug":"italie-mise-a-jour-succinte-sur-la-situation-des-prisonnier-es-en-greve-de-la-faim","status":"publish","type":"post","link":"https:\/\/cracherdanslasoupe.noblogs.org\/?p=8392","title":{"rendered":"Italie : Mise \u00e0 jour sur la situation des prisonnier.es en gr\u00e8ve de la faim (MAJ)"},"content":{"rendered":"<p style=\"text-align: justify\"><strong>Alfredo<\/strong> <strong> Cospito,\u00a0<\/strong>en prison \u00e0 Ferrare, a perdu 11 kg, plus ou moins, mais puisqu&rsquo;il \u00e9tait en surpoids avant, il ne va pas mal, mais il perd beaucoup de poids.<\/p>\n<p style=\"text-align: justify\"><strong>Stecco<\/strong> (Luca Dolce) le compagnon d\u00e9tenu dans la m\u00eame prison \u00e0 Ferrare, a lui aussi perdu 9 kg.<\/p>\n<p style=\"text-align: justify\">L&rsquo;avocat qui a vu <strong>Marco Bisesti<\/strong> \u00e0 la prison d&rsquo;Alessandria a fait savoir que le compagnon a perdu 9 kg, ce qui fait beaucoup au vu du poid qu&rsquo;il faisait auparavant.<\/p>\n<p>Ils n&rsquo;ont pas l&rsquo;intention de laisser tomber tant que les compagnonnes ne s&rsquo;arr\u00eatent pas.<\/p>\n<p style=\"text-align: justify\">La compagnonne <strong>Anna Beniamino, <\/strong>\u00e0 la prison de l&rsquo;Aquila\u00a0a aussi perdu quelques kilos de plus depuis le dernier parloir de mercredi dernier.<\/p>\n<p style=\"text-align: justify\">Aucun des compagnons cit\u00e9s ne prend du sucre. Quant \u00e0 Alfredo, il dit que ce n&rsquo;est pas une question de principe, mais de sant\u00e9, parce que les sucres pourraient lui faire mal, mais il fait savoir que quand il commencera \u00e0 se sentir mal, il commencera \u00e0 en prendre.<\/p>\n<p style=\"text-align: justify\">En revenche, c&rsquo;est une nouvelle qui date d&rsquo;il y a quelques jours, <strong>Ghespe<\/strong>\u00a0au septi\u00e8me jour de la gr\u00e8ve avait perdu jusqu&rsquo;\u00e0 six kilos (atteignant ainsi 61 kg), mais malgr\u00e9 la fatigue physique, il va bien et est d\u00e9termin\u00e9 \u00e0 continuer.<\/p>\n<p>La situation commence \u00e0 \u00eatre s\u00e9rieuse.<\/p>\n<p style=\"text-align: justify\">Tous\/toutes demandent des nouvelles sur les autres compagnons et compagnonnes en gr\u00e8ve de la faim.<\/p>\n<p style=\"text-align: right\">Depuis anarhija.info<\/p>\n<hr \/>\n<p><strong>Ghespe interrompt sa gr\u00e8ve de la faim<\/strong><\/p>\n<p style=\"text-align: justify\"><span style=\"color: #993366\">Ghespe, a interrompu la gr\u00e8ve de la faim, le lundi 10 juin, il pesait alors 59 kg. Qui a pu communiquer avec lui mercredi, fait savoir qu&rsquo;il \u00e9tait d\u00e9j\u00e0 un peu mieux, qu&rsquo;il a recommenc\u00e9 \u00e0 s&rsquo;entra\u00eener, il envoie de la force [<em>\u00ab\u00a0forza\u00a0\u00bb<\/em> litt.] aux compagnons qui continuent la gr\u00e8ve.<\/span><\/p>\n<hr \/>\n<p><strong>Madda aussi en gr\u00e8ve de la faim<\/strong><\/p>\n<p style=\"text-align: justify\"><span style=\"color: #993366\">Dans une lettre de Madda du 8\/06 depuis la prison de Uta (arriv\u00e9e le 14 juin \u00e0 la Caisse Antir\u00e9pression des Alpes Occidentales) :<\/span><br \/>\n<span style=\"color: #993366\">\u201cMoi aussi j\u2019envoie une accolade \u00e0 Anna et Silvia, en faisant une gr\u00e8ve de la faim pendant les journ\u00e9es du 10, 11 et 12 juin, en solidarit\u00e9 avec leur protestation contre les conditions de d\u00e9tention auxquelles elles sont soumises.<br \/>\nContre les r\u00e9gimes diff\u00e9renci\u00e9s et toute forme d\u2019isolement!<br \/>\nLe coeur serr\u00e9 pour tous les rebelles de partout, avec ceux qui essayent de garder leur dignit\u00e9 et ceux qui se battent pour la vraie libert\u00e9!<br \/>\nUne salutation \u00e0 tou.te.s les compas!<br \/>\nUne accolade pour la libert\u00e9!\u201d<\/span><\/p>\n<hr \/>\n<p style=\"text-align: right\">Depuis roundrobin.info<\/p>\n","protected":false},"excerpt":{"rendered":"<p>Alfredo Cospito,\u00a0en prison \u00e0 Ferrare, a perdu 11 kg, plus ou moins, mais puisqu&rsquo;il \u00e9tait en surpoids avant, il ne va pas mal, mais il perd beaucoup de poids. Stecco (Luca Dolce) le compagnon d\u00e9tenu dans la m\u00eame prison \u00e0 Ferrare, a lui aussi perdu 9 kg. L&rsquo;avocat qui a vu Marco Bisesti \u00e0 la &hellip; <\/p>\n<p class=\"link-more\"><a href=\"https:\/\/cracherdanslasoupe.noblogs.org\/?p=8392\" class=\"more-link\">Continuer la lecture<span class=\"screen-reader-text\"> de &laquo;&nbsp;Italie : Mise \u00e0 jour sur la situation des prisonnier.es en gr\u00e8ve de la faim (MAJ)&nbsp;&raquo;<\/span><\/a><\/p>\n","protected":false},"author":13009,"featured_media":0,"comment_status":"closed","ping_status":"open","sticky":false,"template":"","format":"standard","meta":{"footnotes":""},"categories":[25,1,27],"tags":[],"class_list":["post-8392","post","type-post","status-publish","format-standard","hentry","category-agitation","category-general","category-prison"],"_links":{"self":[{"href":"https:\/\/cracherdanslasoupe.noblogs.org\/index.php?rest_route=\/wp\/v2\/posts\/8392","targetHints":{"allow":["GET"]}}],"collection":[{"href":"https:\/\/cracherdanslasoupe.noblogs.org\/index.php?rest_route=\/wp\/v2\/posts"}],"about":[{"href":"https:\/\/cracherdanslasoupe.noblogs.org\/index.php?rest_route=\/wp\/v2\/types\/post"}],"author":[{"embeddable":true,"href":"https:\/\/cracherdanslasoupe.noblogs.org\/index.php?rest_route=\/wp\/v2\/users\/13009"}],"replies":[{"embeddable":true,"href":"https:\/\/cracherdanslasoupe.noblogs.org\/index.php?rest_route=%2Fwp%2Fv2%2Fcomments&post=8392"}],"version-history":[{"count":32,"href":"https:\/\/cracherdanslasoupe.noblogs.org\/index.php?rest_route=\/wp\/v2\/posts\/8392\/revisions"}],"predecessor-version":[{"id":8947,"href":"https:\/\/cracherdanslasoupe.noblogs.org\/index.php?rest_route=\/wp\/v2\/posts\/8392\/revisions\/8947"}],"wp:attachment":[{"href":"https:\/\/cracherdanslasoupe.noblogs.org\/index.php?rest_route=%2Fwp%2Fv2%2Fmedia&parent=8392"}],"wp:term":[{"taxonomy":"category","embeddable":true,"href":"https:\/\/cracherdanslasoupe.noblogs.org\/index.php?rest_route=%2Fwp%2Fv2%2Fcategories&post=8392"},{"taxonomy":"post_tag","embeddable":true,"href":"https:\/\/cracherdanslasoupe.noblogs.org\/index.php?rest_route=%2Fwp%2Fv2%2Ftags&post=8392"}],"curies":[{"name":"wp","href":"https:\/\/api.w.org\/{rel}","templated":true}]}}