{"id":4404,"date":"2019-02-21T00:41:35","date_gmt":"2019-02-20T23:41:35","guid":{"rendered":"http:\/\/cracherdanslasoupe.noblogs.org\/?p=4404"},"modified":"2019-02-21T20:26:27","modified_gmt":"2019-02-21T19:26:27","slug":"solidaires-et-complices-avec-les-personnes-arrete-es-a-trente-et-a-rovereto-liberte-pour-toutes","status":"publish","type":"post","link":"https:\/\/cracherdanslasoupe.noblogs.org\/?p=4404","title":{"rendered":"Solidaires et complices avec les personnes arr\u00eat\u00e9.es \u00e0 Trente et \u00e0 Rovereto. Libert\u00e9 pour tou*tes!"},"content":{"rendered":"<p style=\"text-align: justify\"><span class=\"notranslate\">Op\u00e9ration Renata.<\/span><\/p>\n<p style=\"text-align: justify\"><span class=\"notranslate\">\u00c0 4 heures du matin, ce matin, perquisitions dans les lieux et chez des compagnons et compagnonnes entre Trente, Bolzano et Rovereto.<\/span> <span class=\"notranslate\">7 arrestations, 6 en pr\u00e9ventive et 1 assign\u00e9 \u00e0 r\u00e9sidence.<\/span> <span class=\"notranslate\">Les infractions contest\u00e9s sont les 270 bis* et 280 bis**.<\/span><br \/>\n<span class=\"notranslate\">Perquisition au Tavan et \u00e0 la Gym populaire de Trento, \u00e0 la Nave dei Folli et \u00e0 la Cabana de Rovereto, au Katakombenstube \u00e0 Bolzano.<\/span> <span class=\"notranslate\">Certains arr\u00eat\u00e9ssont transfer\u00e9s dans d&rsquo;autres prisons.<\/span><br \/>\n<span class=\"notranslate\">Unit\u00e9s d&rsquo;intervention pr\u00e9sentes dans diff\u00e9rentes zones de la ville (Palazzo Regione, Municipio, Palazzo del Governo).<\/span><br \/>\n<span class=\"notranslate\">Aujourd&rsquo;hui, \u00e0 16 heures [19\/02], rdv au Tavan, via Muredei 34\/3 Trento<\/span><br \/>\n<span class=\"notranslate\">AGNESE, GIULIO, NICO, POZA, RUPERT, SASHA, STECCO LIBRES!!<\/span><br \/>\n<span class=\"notranslate\">LIBERTE POUR TOUS ET TOUTES BON SANG<\/span><\/p>\n<p style=\"text-align: justify\">&#8230;<!--more--><\/p>\n<p style=\"text-align: right\"><span class=\"notranslate\">Source : <a href=\"https:\/\/translate.googleusercontent.com\/translate_c?depth=1&amp;hl=fr&amp;rurl=translate.google.fr&amp;sl=it&amp;sp=nmt4&amp;tl=fr&amp;u=https:\/\/csakavarna.org\/%3Fp%3D4245&amp;xid=17259,15700021,15700186,15700190,15700248,15700253&amp;usg=ALkJrhiDhyyt3gtr7Pp4vFkg4vOy3NPTmw\">csakavarna.org<\/a><\/span><\/p>\n<p><span class=\"notranslate\">Nous publions les adresses des personnes arr\u00eat\u00e9es (celles connues actuellement) :<\/span><\/p>\n<p>Rupert:<br \/>\nRoberto\u00a0Bottamedi<br \/>\nCasa\u00a0Circondariale\u00a0Brescia\u00a0Canton\u00a0Mombello<br \/>\nVia\u00a0Spalto\u00a0S.\u00a0Marco,\u00a020<br \/>\n25100\u00a0Brescia\u00a0(BS)<\/p>\n<p>Nico:<br \/>\nNicola\u00a0Briganti<br \/>\nCasa\u00a0Circondariale\u00a0Verona\u00a0Montorio<br \/>\nVia\u00a0S.\u00a0Michele,\u00a015<br \/>\n37131\u00a0Verona\u00a0(VR)<\/p>\n<p>Agnese:<br \/>\nAgnese\u00a0Trentin<br \/>\nCasa\u00a0Di\u00a0Reclusione\u00a0Verziano<br \/>\nVia\u00a0Flero,\u00a0157<br \/>\n25125\u00a0Brescia\u00a0(BS)<\/p>\n<p>Poza:<br \/>\nAndrea\u00a0Parolari<br \/>\nVia\u00a0Basilio\u00a0Dalla\u00a0Scola,\u00a0150<br \/>\n36100\u00a0Vicenza\u00a0(VI)<\/p>\n<p>Giulio:<br \/>\nGiulio\u00a0Berdusco<br \/>\nCasa\u00a0circondariale\u00a0via\u00a0Paluzza\u00a0n.\u00a077<br \/>\n33028\u00a0TOLMEZZO\u00a0(UD)<\/p>\n<p style=\"text-align: right\">repris de roundrobin.info<\/p>\n<p>* association subversive \u00e0 finalit\u00e9 terroriste<\/p>\n<p>* attentat \u00e0 finalit\u00e9 terroriste<\/p>\n<p>voir aussi :\u00a0<a style=\"font-size: 1rem;text-align: justify\" href=\"https:\/\/attaque.noblogs.org\/post\/2019\/02\/21\/trentino-italie-operation-repessive-contre-des-anarchistes\/\">https:\/\/attaque.noblogs.org\/post\/2019\/02\/21\/trentino-italie-operation-repessive-contre-des-anarchistes\/<\/a><\/p>\n","protected":false},"excerpt":{"rendered":"<p>Op\u00e9ration Renata. \u00c0 4 heures du matin, ce matin, perquisitions dans les lieux et chez des compagnons et compagnonnes entre Trente, Bolzano et Rovereto. 7 arrestations, 6 en pr\u00e9ventive et 1 assign\u00e9 \u00e0 r\u00e9sidence. Les infractions contest\u00e9s sont les 270 bis* et 280 bis**. Perquisition au Tavan et \u00e0 la Gym populaire de Trento, \u00e0 &hellip; <\/p>\n<p class=\"link-more\"><a href=\"https:\/\/cracherdanslasoupe.noblogs.org\/?p=4404\" class=\"more-link\">Continuer la lecture<span class=\"screen-reader-text\"> de &laquo;&nbsp;Solidaires et complices avec les personnes arr\u00eat\u00e9.es \u00e0 Trente et \u00e0 Rovereto. Libert\u00e9 pour tou*tes!&nbsp;&raquo;<\/span><\/a><\/p>\n","protected":false},"author":13009,"featured_media":0,"comment_status":"closed","ping_status":"open","sticky":false,"template":"","format":"standard","meta":{"footnotes":""},"categories":[1,19],"tags":[],"class_list":["post-4404","post","type-post","status-publish","format-standard","hentry","category-general","category-repression"],"_links":{"self":[{"href":"https:\/\/cracherdanslasoupe.noblogs.org\/index.php?rest_route=\/wp\/v2\/posts\/4404","targetHints":{"allow":["GET"]}}],"collection":[{"href":"https:\/\/cracherdanslasoupe.noblogs.org\/index.php?rest_route=\/wp\/v2\/posts"}],"about":[{"href":"https:\/\/cracherdanslasoupe.noblogs.org\/index.php?rest_route=\/wp\/v2\/types\/post"}],"author":[{"embeddable":true,"href":"https:\/\/cracherdanslasoupe.noblogs.org\/index.php?rest_route=\/wp\/v2\/users\/13009"}],"replies":[{"embeddable":true,"href":"https:\/\/cracherdanslasoupe.noblogs.org\/index.php?rest_route=%2Fwp%2Fv2%2Fcomments&post=4404"}],"version-history":[{"count":27,"href":"https:\/\/cracherdanslasoupe.noblogs.org\/index.php?rest_route=\/wp\/v2\/posts\/4404\/revisions"}],"predecessor-version":[{"id":4531,"href":"https:\/\/cracherdanslasoupe.noblogs.org\/index.php?rest_route=\/wp\/v2\/posts\/4404\/revisions\/4531"}],"wp:attachment":[{"href":"https:\/\/cracherdanslasoupe.noblogs.org\/index.php?rest_route=%2Fwp%2Fv2%2Fmedia&parent=4404"}],"wp:term":[{"taxonomy":"category","embeddable":true,"href":"https:\/\/cracherdanslasoupe.noblogs.org\/index.php?rest_route=%2Fwp%2Fv2%2Fcategories&post=4404"},{"taxonomy":"post_tag","embeddable":true,"href":"https:\/\/cracherdanslasoupe.noblogs.org\/index.php?rest_route=%2Fwp%2Fv2%2Ftags&post=4404"}],"curies":[{"name":"wp","href":"https:\/\/api.w.org\/{rel}","templated":true}]}}